{"id":64767,"date":"2026-08-09T20:24:40","date_gmt":"2026-08-09T18:24:40","guid":{"rendered":"https:\/\/siglo21.es\/?p=64767"},"modified":"2026-08-09T20:24:40","modified_gmt":"2026-08-09T18:24:40","slug":"%f0%9f%94%b4-directo-programa-especial-concentracion-ciudadana-basta-ya-ceuta-no-se-rinde","status":"publish","type":"post","link":"https:\/\/hidroondas.com\/news\/2026\/08\/09\/%f0%9f%94%b4-directo-programa-especial-concentracion-ciudadana-basta-ya-ceuta-no-se-rinde\/","title":{"rendered":"\ud83d\udd34 DIRECTO &#8211; Programa especial concentraci\u00f3n ciudadana !Basta ya! Ceuta no se rinde"},"content":{"rendered":"<table  style=\"width: 100%; border-color: #202f5b; background-color: #202f5b;\" >\n<caption>  <span style=\"font-size: 14pt;\"> <\/span>\u00a0<\/caption>\n<tbody>\n<tr>\n<td class=\"azul\" style=\"width: 10%;  text-align: center; font-size: 12pt;border-color: #202f5b;\">\n<a href=\"https:\/\/www.youtube.com\/embed\/AgKaUYW5BUc?start=&#038;autoplay=1\" target=\"self\"><img decoding=\"async\" src=\"https:\/\/i2.ytimg.com\/vi\/AgKaUYW5BUc\/mqdefault.jpg\"\/><\/a><\/td>\n<td class=\"azul\" style=\"width: 10%;  text-align: center; font-size: 12pt;border-color: #202f5b;\">\n<a href=\"https:\/\/www.youtube.com\/embed\/AgKaUYW5BUc?start=1598&#038;autoplay=1\" target=\"self\"><img decoding=\"async\" src=\"https:\/\/i2.ytimg.com\/vi\/rvsWBs9W5qw\/mqdefault.jpg\"\/><\/a><\/td>\n<td class=\"azul\" style=\"width: 10%;  text-align: center; font-size: 12pt;border-color: #202f5b;\">\n<a href=\"https:\/\/www.youtube.com\/embed\/kVV7-ct1Dr4?autoplay=1\" target=\"self\"><img decoding=\"async\" src=\"https:\/\/i2.ytimg.com\/vi\/kVV7-ct1Dr4\/mqdefault.jpg\"\/><\/a><\/td>\n<td class=\"azul\" style=\"width: 10%;  text-align: center;font-size: 12pt;border-color: #202f5b;\">\n<a href=\"https:\/\/www.youtube.com\/embed\/bA6RTEy83IE?start=&#038;autoplay=1\" target=\"self\"><img decoding=\"async\" src=\"https:\/\/i2.ytimg.com\/vi\/bA6RTEy83IE\/mqdefault.jpg\"\/><\/a><\/td>\n<td class=\"azul\" style=\"width: 10%;  text-align: center; font-size: 12pt;border-color: #202f5b;\">\n<a href=\"https:\/\/www.youtube.com\/embed\/UYhecEyzal8?start=&#038;autoplay=1\" target=\"self\"><img decoding=\"async\" src=\"https:\/\/i2.ytimg.com\/vi\/UYhecEyzal8\/mqdefault.jpg\"\/><\/a><\/td>\n<\/tr>\n<tr>\n<td colspan=\"5\" style=\"width: 100%; text-align: center;border-color: #202f5b;\" ><iframe loading=\"lazy\" width=\"800\" height=\"450\" src=\"https:\/\/www.youtube.com\/embed\/AgKaUYW5BUc?start=1598&#038;autoplay=1\" name=\"self\" title=\"YouTube video player\" frameborder=\"0\" allow=\"accelerometer; autoplay; clipboard-write; encrypted-media; gyroscope; picture-in-picture; web-share\" referrerpolicy=\"strict-origin-when-cross-origin\" allowfullscreen><\/iframe><\/td>\n<\/tr>\n<\/tbody>\n<\/table>\n<p><img loading=\"lazy\" decoding=\"async\" src=\"https:\/\/hidroondas.com\/news\/wp-content\/uploads\/2026\/08\/p2.jpg\" alt=\"\" width=\"1179\" height=\"1588\" class=\"aligncenter size-full wp-image-64893\" srcset=\"https:\/\/hidroondas.com\/news\/wp-content\/uploads\/2026\/08\/p2.jpg 1179w, https:\/\/hidroondas.com\/news\/wp-content\/uploads\/2026\/08\/p2-223x300.jpg 223w, https:\/\/hidroondas.com\/news\/wp-content\/uploads\/2026\/08\/p2-760x1024.jpg 760w, https:\/\/hidroondas.com\/news\/wp-content\/uploads\/2026\/08\/p2-768x1034.jpg 768w, https:\/\/hidroondas.com\/news\/wp-content\/uploads\/2026\/08\/p2-1140x1536.jpg 1140w\" sizes=\"auto, (max-width: 1179px) 100vw, 1179px\" \/><img loading=\"lazy\" decoding=\"async\" src=\"https:\/\/hidroondas.com\/news\/wp-content\/uploads\/2026\/08\/p1.jpg\" alt=\"\" width=\"1179\" height=\"1648\" class=\"aligncenter size-full wp-image-64894\" srcset=\"https:\/\/hidroondas.com\/news\/wp-content\/uploads\/2026\/08\/p1.jpg 1179w, https:\/\/hidroondas.com\/news\/wp-content\/uploads\/2026\/08\/p1-215x300.jpg 215w, https:\/\/hidroondas.com\/news\/wp-content\/uploads\/2026\/08\/p1-733x1024.jpg 733w, https:\/\/hidroondas.com\/news\/wp-content\/uploads\/2026\/08\/p1-768x1074.jpg 768w, https:\/\/hidroondas.com\/news\/wp-content\/uploads\/2026\/08\/p1-1099x1536.jpg 1099w\" sizes=\"auto, (max-width: 1179px) 100vw, 1179px\" \/><\/p>\n<p>Pedro J. Ram\u00edrez<br \/>\nPublicada 9 de agosto de 2026<br \/>\nMohammed VI is watching you\u2026 and you, and you<\/p>\n<p>El destino de Espa\u00f1a, la propia supervivencia de esa democracia constitucional imperfecta pero viable que construimos hace medio siglo, se juega en las pr\u00f3ximas seis semanas.<\/p>\n<p>Como mucho en los pr\u00f3ximos siete meses.<\/p>\n<p>Porque despu\u00e9s de lo que ha sucedido y sigue sucediendo en Ceuta no podemos llevarnos ni un d\u00eda m\u00e1s a enga\u00f1o. Es muy perturbador que esto nos pase en agosto, pero a la vez nos da margen para planificar con reposo lo ineludible.<\/p>\n<p>Si no somos capaces de desembarazarnos de S\u00e1nchez, su cohorte de pretorianos y su centenar de jen\u00edzaros medi\u00e1ticos, nuestra democracia sucumbir\u00e1.<\/p>\n<p>Hay que parar por medios l\u00edcitos el golpe de Estado legal, es decir la mutaci\u00f3n constitucional paulatina, que esta gente, apenas trescientas personas con un 25% del electorado detr\u00e1s, viene perpetrando desde hace ocho a\u00f1os contra el consenso institucional y la concordia c\u00edvica de la Transici\u00f3n.<\/p>\n<p>Una formidable obra de teatro ha terminado de abrirme los ojos sobre la forma en que S\u00e1nchez y los suyos est\u00e1n tratando de aplicar a la Espa\u00f1a actual la versi\u00f3n pol\u00edtica de la segunda ley de la termodin\u00e1mica.<\/p>\n<p>Saben que los procesos de dispersi\u00f3n de la energ\u00eda colectiva, sostenidos en el tiempo, son irreversibles y desembocan en el caos. As\u00ed es como pretenden acabar, paso a paso, con \u00abel r\u00e9gimen del 78\u00bb y a veces se les va la mano.<\/p>\n<p>Este shock fronterizo que el propio S\u00e1nchez describi\u00f3 durante su visita de 105 minutos a Ceuta como \u00abviolaci\u00f3n de la integridad territorial de Espa\u00f1a\u00bb \u2014y ahora ha devenido en violaci\u00f3n de ni\u00f1as indefensas arrojadas al turbi\u00f3n de una invasi\u00f3n enquistada\u2014, deber\u00eda obligarnos a levantar la cabeza y mirar hacia atr\u00e1s.<\/p>\n<p>Descubriremos que la avalancha consentida sobre Ceuta, con el saldo adicional de 150 cad\u00e1veres y la estela de ochenta mil espa\u00f1oles tan angustiados como si vivieran en el sur del L\u00edbano o el norte de Israel, no es sino un episodio m\u00e1s del proceso de degradaci\u00f3n paulatina al que el sanchismo viene sometiendo a la Naci\u00f3n espa\u00f1ola.<\/p>\n<p>Desde su llegada a la Moncloa, S\u00e1nchez comprendi\u00f3 que la satisfacci\u00f3n de su ansia de poder depend\u00eda proporcionalmente del tama\u00f1o de las tragaderas de los espa\u00f1oles. De hecho, lleva m\u00e1s de ocho a\u00f1os poni\u00e9ndonos a prueba sin dejar de elevar la presi\u00f3n e imponer su yugo.<\/p>\n<p>Plante\u00f3 una moci\u00f3n de censura con apoyo de los terroristas de una d\u00e9cada atr\u00e1s y de los golpistas del oto\u00f1o anterior\u2026 y tragamos.<\/p>\n<p>Retras\u00f3 un a\u00f1o su compromiso de convocar elecciones generales de inmediato\u2026 y tragamos.<\/p>\n<p>Puso al frente del CIS a un dirigente del PSOE, caracterizado por su fanatismo, con el encargo de convertir los sondeos electorales en arma de manipulaci\u00f3n permanente\u2026 y tragamos.<\/p>\n<p>Dio entrada en el Gobierno a Pablo Iglesias, Irene Montero y dem\u00e1s ministros de la izquierda antisistema, despu\u00e9s de advertir que a \u00e9l mismo le \u00abquitar\u00eda el sue\u00f1o\u00bb hacerlo\u2026 y tragamos.<\/p>\n<p>Recort\u00f3 dr\u00e1sticamente nuestras libertades de forma inconstitucional durante la pandemia, sin decretar el preceptivo Estado de Excepci\u00f3n\u2026 y tragamos.<\/p>\n<p>Promulg\u00f3 normas extravagantes y da\u00f1inas, a tono con sus ministros de extrema izquierda, como la &#8216;ley del solo s\u00ed es s\u00ed&#8217; que favoreci\u00f3 a cientos de violadores o la &#8216;ley trans&#8217; que supedit\u00f3 la biolog\u00eda a la autodeterminaci\u00f3n\u2026 y tragamos.<\/p>\n<p>Eludi\u00f3 cualquier explicaci\u00f3n sobre la doble destituci\u00f3n de su lugarteniente \u00c1balos \u2014sospechoso ya de una panoplia de desmanes\u2014 y su posterior rehabilitaci\u00f3n como diputado\u2026 y tragamos.<\/p>\n<p>Cambi\u00f3 de la noche a la ma\u00f1ana la posici\u00f3n espa\u00f1ola sobre el Sahara, pese al asalto masivo de las vallas de Ceuta y Melilla y el presunto espionaje de su m\u00f3vil por Marruecos\u2026 y tragamos.<\/p>\n<p>Hizo de la necesidad personal una hip\u00f3crita virtud utilitarista, al vender por siete votos la amnist\u00eda que \u00e9l mismo acababa de descartar por inconstitucional\u2026 y tragamos.<\/p>\n<p>Pact\u00f3 en secreto facilitar las excarcelaciones de la mayor\u00eda de los presos etarras, incluidos asesinos m\u00faltiples, a cambio del apoyo parlamentario de Bildu\u2026 y tragamos.<\/p>\n<p>Cambi\u00f3 a u\u00f1a de caballo las reglas del juego en RTVE \u2014oblig\u00f3 a votarlas el d\u00eda de la dana\u2014 para convertirla en el medio m\u00e1s sectario de Espa\u00f1a\u2026 y tragamos.<\/p>\n<p>Consum\u00f3 su amenaza de gobernar \u00absin el parlamento\u00bb, incumpliendo la obligaci\u00f3n constitucional de presentar los presupuestos durante tres a\u00f1os consecutivos y eludiendo convocar el debate del Estado de la Naci\u00f3n en lo que va de legislatura\u2026 y tragamos.<\/p>\n<p>Arremeti\u00f3 con zafios insultos contra la prensa cr\u00edtica, llam\u00e1ndonos \u00abfachosfera\u00bb y quit\u00e1ndonos la publicidad institucional, y estimul\u00f3 la ofensiva de la trama de &#8216;la Fontanera&#8217; contra polic\u00edas, fiscales y jueces inc\u00f3modos\u2026 y tragamos.<\/p>\n<p>Nos subi\u00f3 una y otra vez los impuestos, recortando nuestro poder adquisitivo, para sufragar el gasto clientelar \u2014incluido su millar de asesores\u2014 sin impedir el deterioro de los servicios p\u00fablicos\u2026 y tragamos.<\/p>\n<p>Eludi\u00f3 depurar culpa alguna por el gran apag\u00f3n (fruto de la gesti\u00f3n politizada de Red El\u00e9ctrica), e incluso por la tragedia de Adamuz (fruto de la renovaci\u00f3n defectuosa de la v\u00eda)\u2026 y tragamos.<\/p>\n<p>Mantuvo al fiscal general en el puesto hasta ser juzgado y condenado en el Supremo y mantiene a altos cargos imputados como la directora de la Guardia Civil o la presidenta de la Sepi\u2026 y tragamos.<\/p>\n<p>Se niega a asumir cualquier responsabilidad por la condena por prevaricaci\u00f3n contra su hermano, por el juicio abierto contra su esposa o por la imputaci\u00f3n m\u00faltiple de su \u00abpana\u00bb Zapatero\u2026 y tragamos.<\/p>\n<p>Ha regularizado de golpe \u2014y ya veremos con cuantos porrazos\u2014 a m\u00e1s del doble de los 500.000 migrantes que anunci\u00f3\u2026 y tragamos.<\/p>\n<p>Ha manipulado el espectro radioel\u00e9ctrico para regalar un canal de televisi\u00f3n a los amiguetes que pretenden forrarse echando a\u00fan m\u00e1s le\u00f1a gubernamental al horno de la polarizaci\u00f3n en el que nos cuece a los espa\u00f1oles\u2026 y tragamos.<\/p>\n<p>Ha emprendido un proceso acelerado de nacionalizaci\u00f3n de descendientes de espa\u00f1oles, tras falsificar en el BOE lo aprobado en el parlamento, para adulterar el censo electoral\u2026 y tragamos.<\/p>\n<p>Ha consentido por negligencia, torpeza, irresponsabilidad o traici\u00f3n deliberada la entrada ilegal de casi cien mil invasores en Ceuta\u2026 y tragamos.<\/p>\n<p>Nueve d\u00edas despu\u00e9s de su viaje rel\u00e1mpago consiente que miles de esos invasores contin\u00faen haciendo imposible la vida a los ceut\u00edes, hasta el punto de plantearse algunos abandonar la ciudad para siempre\u2026 y tragamos.<\/p>\n<p>No me digan que todo esto no merece una &#8216;capillada&#8217;.<\/p>\n<p>As\u00ed llamaba Modesto Lafuente a sus diatribas en la revista &#8216;Fray Gerundio&#8217;. Pero cuando public\u00f3 en 1840 la &#8216;capillada&#8217; dedicada a \u00abLas tragaderas\u00bb de sus contempor\u00e1neos, nunca pod\u00eda imaginar que casi dos siglos despu\u00e9s las fauces de los espa\u00f1oles pudieran abrirse tanto.<\/p>\n<p>Y es que la sociedad actual se ha acostumbrado a vivir en un r\u00e9gimen de baja veracidad, en el que la batalla narrativa ha sustituido al examen riguroso de las consecuencias de las decisiones que se toman.<\/p>\n<p>Pero, claro, todo tiene un l\u00edmite. Hasta el tama\u00f1o de las ruedas de molino que caben en la tr\u00e1quea expandida de una Espa\u00f1a acomodaticia y narcotizada por la propaganda gubernamental.<\/p>\n<p>Ahora resulta que por la suma de todos esos factores de debilitamiento institucional que nos han ido arrinconando en el espacio occidental al que pertenecemos, estamos a punto de quedarnos sin la sede de la final del Mundial de 2030.<\/p>\n<p>\u00a1Oh, terror y conmoci\u00f3n! Esa final en la que todos los males de la patria podr\u00edan quedar curados si conquist\u00e1ramos la tercera estrella que adornara nuestra camiseta est\u00e1 a punto de desvanecerse.<\/p>\n<p>Y, claro, por ah\u00ed ya no pasamos. Podremos perder la separaci\u00f3n de poderes, la igualdad ante la ley o los mecanismos de contrapeso. Podremos perder poder adquisitivo, prestigio en la Uni\u00f3n Europea e incluso un trocito del territorio. Todo ello podremos perderlo. Pero no la final del Mundial de F\u00fatbol. De nuestro Mundial de F\u00fatbol.<\/p>\n<p>El aut\u00f3crata S\u00e1nchez al fin tiembla. \u00a1Ah, no! Ese gol en propia puerta, de ninguna manera. Con eso ya no tragaremos.<\/p>\n","protected":false},"excerpt":{"rendered":"<p>\u00a0 Pedro J. Ram\u00edrez Publicada 9 de agosto de 2026 Mohammed VI is watching you\u2026 and you, and you El destino de Espa\u00f1a, la propia supervivencia de esa democracia constitucional imperfecta pero viable que construimos hace medio siglo, se juega en las pr\u00f3ximas seis semanas. Como mucho en los pr\u00f3ximos siete meses. Porque despu\u00e9s de [&hellip;]<\/p>\n","protected":false},"author":4,"featured_media":64870,"comment_status":"open","ping_status":"open","sticky":false,"template":"","format":"standard","meta":{"footnotes":""},"categories":[4],"tags":[3,14,15],"class_list":["post-64767","post","type-post","status-publish","format-standard","has-post-thumbnail","hentry","category-noticias-nacionales","tag-ceuta","tag-corrupcion","tag-psoe"],"_links":{"self":[{"href":"https:\/\/hidroondas.com\/news\/wp-json\/wp\/v2\/posts\/64767","targetHints":{"allow":["GET"]}}],"collection":[{"href":"https:\/\/hidroondas.com\/news\/wp-json\/wp\/v2\/posts"}],"about":[{"href":"https:\/\/hidroondas.com\/news\/wp-json\/wp\/v2\/types\/post"}],"author":[{"embeddable":true,"href":"https:\/\/hidroondas.com\/news\/wp-json\/wp\/v2\/users\/4"}],"replies":[{"embeddable":true,"href":"https:\/\/hidroondas.com\/news\/wp-json\/wp\/v2\/comments?post=64767"}],"version-history":[{"count":0,"href":"https:\/\/hidroondas.com\/news\/wp-json\/wp\/v2\/posts\/64767\/revisions"}],"wp:featuredmedia":[{"embeddable":true,"href":"https:\/\/hidroondas.com\/news\/wp-json\/wp\/v2\/media\/64870"}],"wp:attachment":[{"href":"https:\/\/hidroondas.com\/news\/wp-json\/wp\/v2\/media?parent=64767"}],"wp:term":[{"taxonomy":"category","embeddable":true,"href":"https:\/\/hidroondas.com\/news\/wp-json\/wp\/v2\/categories?post=64767"},{"taxonomy":"post_tag","embeddable":true,"href":"https:\/\/hidroondas.com\/news\/wp-json\/wp\/v2\/tags?post=64767"}],"curies":[{"name":"wp","href":"https:\/\/api.w.org\/{rel}","templated":true}]}}